{"id":11055,"date":"2022-03-14T05:40:00","date_gmt":"2022-03-14T05:40:00","guid":{"rendered":"https:\/\/www.sallejoven.es\/?p=11055"},"modified":"2022-03-21T17:17:12","modified_gmt":"2022-03-21T17:17:12","slug":"pascua-del-desafio-de-jesus-2022","status":"publish","type":"post","link":"https:\/\/www.sallejoven.es\/?p=11055","title":{"rendered":"Pascua del Desaf\u00edo de Jes\u00fas 2022"},"content":{"rendered":"\n<figure class=\"wp-block-image size-large is-resized\"><img loading=\"lazy\" decoding=\"async\" src=\"https:\/\/www.sallejoven.es\/wp-content\/uploads\/2022\/03\/cartelpascuasector22-1024x683.jpg\" alt=\"\" class=\"wp-image-11319\" width=\"496\" height=\"331\" srcset=\"https:\/\/www.sallejoven.es\/wp-content\/uploads\/2022\/03\/cartelpascuasector22-1024x683.jpg 1024w, https:\/\/www.sallejoven.es\/wp-content\/uploads\/2022\/03\/cartelpascuasector22-550x367.jpg 550w, https:\/\/www.sallejoven.es\/wp-content\/uploads\/2022\/03\/cartelpascuasector22-768x512.jpg 768w, https:\/\/www.sallejoven.es\/wp-content\/uploads\/2022\/03\/cartelpascuasector22-150x100.jpg 150w\" sizes=\"auto, (max-width: 496px) 100vw, 496px\" \/><\/figure>\n\n\n\n<p>Pascua del Desaf\u00edo de Jes\u00fas: para j\u00f3venes y adultos, del 14 al 17 de abril. <\/p>\n\n\n\n<p>En <strong>Braga, Santiago de Compostela, Santander o Valladolid<\/strong> (donde se encontrar\u00e1n j\u00f3venes de <strong>Gij\u00f3n, Burgos, Palencia y la propia ciudad de Valladolid<\/strong>), las comunidades lasalianas y animadores de Grupos vivir\u00e1n juntos la Pascua. <\/p>\n\n\n\n<p>Compartiremos por online peque\u00f1os encuentros para saludarnos desde diferentes lugares, vernos y compartir algunas peque\u00f1as experiencias de Pascua que nos ayudar\u00e1n a comenzar cada jornada de este nuevo tiempo para vivir. La tarde del S\u00e1bado Santo, antes de vivir la Vigilia Pascual, tendremos oportunidad de vernos, de nuevo, en el testimonio. <\/p>\n\n\n\n<figure class=\"wp-block-image size-full is-resized\"><img loading=\"lazy\" decoding=\"async\" src=\"https:\/\/www.sallejoven.es\/wp-content\/uploads\/2022\/03\/Captura-de-pantalla-2022-03-20-105644.png\" alt=\"\" class=\"wp-image-11320\" width=\"508\" height=\"343\" srcset=\"https:\/\/www.sallejoven.es\/wp-content\/uploads\/2022\/03\/Captura-de-pantalla-2022-03-20-105644.png 846w, https:\/\/www.sallejoven.es\/wp-content\/uploads\/2022\/03\/Captura-de-pantalla-2022-03-20-105644-550x372.png 550w, https:\/\/www.sallejoven.es\/wp-content\/uploads\/2022\/03\/Captura-de-pantalla-2022-03-20-105644-768x519.png 768w, https:\/\/www.sallejoven.es\/wp-content\/uploads\/2022\/03\/Captura-de-pantalla-2022-03-20-105644-150x101.png 150w\" sizes=\"auto, (max-width: 508px) 100vw, 508px\" \/><\/figure>\n\n\n\n<p>Todas los encuentros online se realizar\u00e1n a trav\u00e9s de Google Meet: <a href=\"https:\/\/bit.ly\/SalaPastoral\" target=\"_blank\" rel=\"noreferrer noopener\">https:\/\/bit.ly\/SalaPastoral<\/a><\/p>\n\n\n\n<p>Si vas a participar de la <strong>Pascua del Desaf\u00edo de Jes\u00fas en Valladolid, Pascua Indivisa<\/strong>, tienes varios lugares y citas para vernos, en el Colegio Lourdes, en el Colegio La Salle, en la Comunidad de Acogida o en la parroquia San P\u00edo X de Gir\u00f3n. <\/p>\n\n\n\n<figure class=\"wp-block-gallery has-nested-images columns-default wp-block-gallery-1 is-layout-flex wp-block-gallery-is-layout-flex\">\n<figure class=\"wp-block-image size-large\"><img loading=\"lazy\" decoding=\"async\" width=\"1465\" height=\"1950\" data-id=\"11328\" src=\"https:\/\/www.sallejoven.es\/wp-content\/uploads\/2022\/02\/2022-Indivisa-Valladolid-Pascua-del-Desafio-de-Jesus-Horario_Pagina_1.jpg\" alt=\"\" class=\"wp-image-11328\" srcset=\"https:\/\/www.sallejoven.es\/wp-content\/uploads\/2022\/02\/2022-Indivisa-Valladolid-Pascua-del-Desafio-de-Jesus-Horario_Pagina_1.jpg 1465w, https:\/\/www.sallejoven.es\/wp-content\/uploads\/2022\/02\/2022-Indivisa-Valladolid-Pascua-del-Desafio-de-Jesus-Horario_Pagina_1-376x500.jpg 376w, https:\/\/www.sallejoven.es\/wp-content\/uploads\/2022\/02\/2022-Indivisa-Valladolid-Pascua-del-Desafio-de-Jesus-Horario_Pagina_1-769x1024.jpg 769w, https:\/\/www.sallejoven.es\/wp-content\/uploads\/2022\/02\/2022-Indivisa-Valladolid-Pascua-del-Desafio-de-Jesus-Horario_Pagina_1-768x1022.jpg 768w, https:\/\/www.sallejoven.es\/wp-content\/uploads\/2022\/02\/2022-Indivisa-Valladolid-Pascua-del-Desafio-de-Jesus-Horario_Pagina_1-1154x1536.jpg 1154w, https:\/\/www.sallejoven.es\/wp-content\/uploads\/2022\/02\/2022-Indivisa-Valladolid-Pascua-del-Desafio-de-Jesus-Horario_Pagina_1-113x150.jpg 113w\" sizes=\"auto, (max-width: 1465px) 100vw, 1465px\" \/><\/figure>\n\n\n\n<figure class=\"wp-block-image size-large\"><img loading=\"lazy\" decoding=\"async\" width=\"2560\" height=\"1713\" data-id=\"11329\" src=\"https:\/\/www.sallejoven.es\/wp-content\/uploads\/2022\/02\/2022-Indivisa-Valladolid-Pascua-del-Desafio-de-Jesus-Horario_Pagina_2-scaled.jpg\" alt=\"\" class=\"wp-image-11329\" srcset=\"https:\/\/www.sallejoven.es\/wp-content\/uploads\/2022\/02\/2022-Indivisa-Valladolid-Pascua-del-Desafio-de-Jesus-Horario_Pagina_2-scaled.jpg 2560w, https:\/\/www.sallejoven.es\/wp-content\/uploads\/2022\/02\/2022-Indivisa-Valladolid-Pascua-del-Desafio-de-Jesus-Horario_Pagina_2-550x368.jpg 550w, https:\/\/www.sallejoven.es\/wp-content\/uploads\/2022\/02\/2022-Indivisa-Valladolid-Pascua-del-Desafio-de-Jesus-Horario_Pagina_2-1024x685.jpg 1024w, https:\/\/www.sallejoven.es\/wp-content\/uploads\/2022\/02\/2022-Indivisa-Valladolid-Pascua-del-Desafio-de-Jesus-Horario_Pagina_2-768x514.jpg 768w, https:\/\/www.sallejoven.es\/wp-content\/uploads\/2022\/02\/2022-Indivisa-Valladolid-Pascua-del-Desafio-de-Jesus-Horario_Pagina_2-1536x1028.jpg 1536w, https:\/\/www.sallejoven.es\/wp-content\/uploads\/2022\/02\/2022-Indivisa-Valladolid-Pascua-del-Desafio-de-Jesus-Horario_Pagina_2-2048x1370.jpg 2048w, https:\/\/www.sallejoven.es\/wp-content\/uploads\/2022\/02\/2022-Indivisa-Valladolid-Pascua-del-Desafio-de-Jesus-Horario_Pagina_2-150x100.jpg 150w\" sizes=\"auto, (max-width: 2560px) 100vw, 2560px\" \/><\/figure>\n<figcaption class=\"blocks-gallery-caption\">Horario Pascua del Desaf\u00edo de Jes\u00fas &#8211; Indivisa en Valladolid<\/figcaption><\/figure>\n\n\n\n<p>Ap\u00fantate a Pascua del Desaf\u00edo de Jes\u00fas &#8211; Indivisa en este enlace. Plazas limitadas. <a rel=\"noreferrer noopener\" href=\"https:\/\/bit.ly\/Pascua2022Indivisa\" target=\"_blank\">https:\/\/bit.ly\/Pascua2022Indivisa<\/a><\/p>\n\n\n\n<p>Autorizaci\u00f3n para menores&nbsp;<a rel=\"noreferrer noopener\" href=\"https:\/\/bit.ly\/MenoresPascua2022Indivisa\" target=\"_blank\">https:\/\/bit.ly\/MenoresPascua2022Indivisa<\/a><\/p>\n\n\n\n<p><a href=\"https:\/\/drive.google.com\/file\/d\/1nvy64f1u4sErwDsPrpy68X22w-vt8ZrM\/view?usp=sharing\" target=\"_blank\" rel=\"noreferrer noopener\">Folleto Pascua Indivisa Valladolid<\/a><\/p>\n\n\n\n<p>+ info en tu Delegaci\u00f3n de Pastoral.<\/p>\n\n\n\n<figure class=\"wp-block-gallery has-nested-images columns-default is-cropped wp-block-gallery-2 is-layout-flex wp-block-gallery-is-layout-flex\">\n<figure class=\"wp-block-image size-large\"><img loading=\"lazy\" decoding=\"async\" width=\"1024\" height=\"693\" data-id=\"11331\" src=\"https:\/\/www.sallejoven.es\/wp-content\/uploads\/2022\/03\/Captura-de-pantalla-2022-03-20-111924-1024x693.png\" alt=\"\" class=\"wp-image-11331\" srcset=\"https:\/\/www.sallejoven.es\/wp-content\/uploads\/2022\/03\/Captura-de-pantalla-2022-03-20-111924-1024x693.png 1024w, https:\/\/www.sallejoven.es\/wp-content\/uploads\/2022\/03\/Captura-de-pantalla-2022-03-20-111924-550x372.png 550w, https:\/\/www.sallejoven.es\/wp-content\/uploads\/2022\/03\/Captura-de-pantalla-2022-03-20-111924-768x520.png 768w, https:\/\/www.sallejoven.es\/wp-content\/uploads\/2022\/03\/Captura-de-pantalla-2022-03-20-111924-150x101.png 150w, https:\/\/www.sallejoven.es\/wp-content\/uploads\/2022\/03\/Captura-de-pantalla-2022-03-20-111924.png 1172w\" sizes=\"auto, (max-width: 1024px) 100vw, 1024px\" \/><\/figure>\n\n\n\n<figure class=\"wp-block-image size-large\"><img loading=\"lazy\" decoding=\"async\" width=\"1024\" height=\"676\" data-id=\"11332\" src=\"https:\/\/www.sallejoven.es\/wp-content\/uploads\/2022\/03\/Captura-de-pantalla-2022-03-20-112003-1024x676.png\" alt=\"\" class=\"wp-image-11332\" srcset=\"https:\/\/www.sallejoven.es\/wp-content\/uploads\/2022\/03\/Captura-de-pantalla-2022-03-20-112003-1024x676.png 1024w, https:\/\/www.sallejoven.es\/wp-content\/uploads\/2022\/03\/Captura-de-pantalla-2022-03-20-112003-550x363.png 550w, https:\/\/www.sallejoven.es\/wp-content\/uploads\/2022\/03\/Captura-de-pantalla-2022-03-20-112003-768x507.png 768w, https:\/\/www.sallejoven.es\/wp-content\/uploads\/2022\/03\/Captura-de-pantalla-2022-03-20-112003-150x99.png 150w, https:\/\/www.sallejoven.es\/wp-content\/uploads\/2022\/03\/Captura-de-pantalla-2022-03-20-112003.png 1177w\" sizes=\"auto, (max-width: 1024px) 100vw, 1024px\" \/><\/figure>\n<\/figure>\n\n\n\n<p><a rel=\"noreferrer noopener\" href=\"https:\/\/www.sallejoven.es\/?p=6538\" target=\"_blank\">As\u00ed fue Pascua 2019 en fotos<\/a> <a href=\"https:\/\/photos.app.goo.gl\/aGPjS5XNbdWHyqceA\" target=\"_blank\" rel=\"noreferrer noopener\">https:\/\/photos.app.goo.gl\/aGPjS5XNbdWHyqceA<\/a><\/p>\n\n\n\n<p>Y pascua 2019 en v\u00eddeo <a href=\"https:\/\/fb.watch\/bTpI4o-pc-\/\" target=\"_blank\" rel=\"noreferrer noopener\">https:\/\/fb.watch\/bTpI4o-pc-\/<\/a><\/p>\n","protected":false},"excerpt":{"rendered":"<p>Pascua del Desaf\u00edo de Jes\u00fas: para j\u00f3venes y adultos, del 14 al 17 de abril. En Braga, Santiago de Compostela, Santander o Valladolid (donde se encontrar\u00e1n j\u00f3venes de Gij\u00f3n, Burgos, Palencia y la propia ciudad de Valladolid), las comunidades lasalianas y animadores de Grupos vivir\u00e1n juntos la Pascua. Compartiremos por&#8230;<\/p>\n<p> <a class=\"continue-reading-link\" href=\"https:\/\/www.sallejoven.es\/?p=11055\"><span>Leer m\u00e1s<\/span><i class=\"crycon-right-dir\"><\/i><\/a> <\/p>\n","protected":false},"author":21,"featured_media":11319,"comment_status":"open","ping_status":"open","sticky":false,"template":"","format":"standard","meta":{"footnotes":""},"categories":[310,306,263,318,207,215,262,265,10,229,334,246,307,259,179,219,266],"tags":[353,236,351,352],"class_list":["post-11055","post","type-post","status-publish","format-standard","has-post-thumbnail","hentry","category-arlep","category-asturias","category-bujedo","category-castilla","category-centros","category-corrales","category-destacado","category-galicia","category-noticias-valladolid","category-palencia","category-pascua","category-portada","category-portugal","category-salle-joven","category-sallejoven","category-santander","category-santiago-de-compostela","tag-hoy-es-tiempo-de-vivir","tag-pascua","tag-pascua-del-desafio-de-jesus","tag-pascuas-lasalianas"],"_links":{"self":[{"href":"https:\/\/www.sallejoven.es\/index.php?rest_route=\/wp\/v2\/posts\/11055","targetHints":{"allow":["GET"]}}],"collection":[{"href":"https:\/\/www.sallejoven.es\/index.php?rest_route=\/wp\/v2\/posts"}],"about":[{"href":"https:\/\/www.sallejoven.es\/index.php?rest_route=\/wp\/v2\/types\/post"}],"author":[{"embeddable":true,"href":"https:\/\/www.sallejoven.es\/index.php?rest_route=\/wp\/v2\/users\/21"}],"replies":[{"embeddable":true,"href":"https:\/\/www.sallejoven.es\/index.php?rest_route=%2Fwp%2Fv2%2Fcomments&post=11055"}],"version-history":[{"count":9,"href":"https:\/\/www.sallejoven.es\/index.php?rest_route=\/wp\/v2\/posts\/11055\/revisions"}],"predecessor-version":[{"id":11339,"href":"https:\/\/www.sallejoven.es\/index.php?rest_route=\/wp\/v2\/posts\/11055\/revisions\/11339"}],"wp:featuredmedia":[{"embeddable":true,"href":"https:\/\/www.sallejoven.es\/index.php?rest_route=\/wp\/v2\/media\/11319"}],"wp:attachment":[{"href":"https:\/\/www.sallejoven.es\/index.php?rest_route=%2Fwp%2Fv2%2Fmedia&parent=11055"}],"wp:term":[{"taxonomy":"category","embeddable":true,"href":"https:\/\/www.sallejoven.es\/index.php?rest_route=%2Fwp%2Fv2%2Fcategories&post=11055"},{"taxonomy":"post_tag","embeddable":true,"href":"https:\/\/www.sallejoven.es\/index.php?rest_route=%2Fwp%2Fv2%2Ftags&post=11055"}],"curies":[{"name":"wp","href":"https:\/\/api.w.org\/{rel}","templated":true}]}}