{"id":10895,"date":"2021-07-26T08:36:14","date_gmt":"2021-07-26T08:36:14","guid":{"rendered":"https:\/\/www.sallejoven.es\/?p=10895"},"modified":"2021-07-26T08:38:26","modified_gmt":"2021-07-26T08:38:26","slug":"un-agradecimiento-que-llega-hasta-el-fin-del-mundo","status":"publish","type":"post","link":"https:\/\/www.sallejoven.es\/?p=10895","title":{"rendered":"Un agradecimiento que llega hasta el fin del mundo."},"content":{"rendered":"\n<p>A lo largo de dos intensas semanas, unos 50 animadores de Grupos Cristianos \u2013 SalleJoven Sector Madrid han vivido la experiencia de peregrinar hasta Finisterre. Cuidando las medidas de seguridad y protecci\u00f3n en este tiempo de pandemia, los j\u00f3venes permanecieron siempre en un mismo albergue desde el que se trasladaban al inicio de la etapa que les tocaba para la jornada.&nbsp;<\/p>\n\n\n\n<figure class=\"wp-block-image size-medium\"><img loading=\"lazy\" decoding=\"async\" width=\"500\" height=\"500\" src=\"https:\/\/www.sallejoven.es\/wp-content\/uploads\/2021\/07\/886EC017-F1E8-457D-B484-F78C901ABC34-500x500.jpeg\" alt=\"\" class=\"wp-image-10896\" srcset=\"https:\/\/www.sallejoven.es\/wp-content\/uploads\/2021\/07\/886EC017-F1E8-457D-B484-F78C901ABC34-500x500.jpeg 500w, https:\/\/www.sallejoven.es\/wp-content\/uploads\/2021\/07\/886EC017-F1E8-457D-B484-F78C901ABC34-1024x1024.jpeg 1024w, https:\/\/www.sallejoven.es\/wp-content\/uploads\/2021\/07\/886EC017-F1E8-457D-B484-F78C901ABC34-150x150.jpeg 150w, https:\/\/www.sallejoven.es\/wp-content\/uploads\/2021\/07\/886EC017-F1E8-457D-B484-F78C901ABC34-768x768.jpeg 768w, https:\/\/www.sallejoven.es\/wp-content\/uploads\/2021\/07\/886EC017-F1E8-457D-B484-F78C901ABC34-1536x1536.jpeg 1536w, https:\/\/www.sallejoven.es\/wp-content\/uploads\/2021\/07\/886EC017-F1E8-457D-B484-F78C901ABC34-2048x2048.jpeg 2048w\" sizes=\"auto, (max-width: 500px) 100vw, 500px\" \/><\/figure>\n\n\n\n<p>Al d\u00eda le correspond\u00eda no solo peregrinar y descansar, sino tambi\u00e9n dialogar, reflexionar y cuidarse como personas, lasalianos y cristianos. De modo que, a trav\u00e9s de distintos momentos de grupos, los mismos animadores pudieron detenerse y hacerse grandes preguntas. Los tiempos de silencio, oraci\u00f3n y contemplaci\u00f3n han ayudado a que muchos se reencontraran con el Padre misericordioso que nunca abandona a ninguno de sus hijos.&nbsp;<\/p>\n\n\n\n<p>Este rico encuentro que ha sido valorado muy positivamente por los propios participantes ha querido, entonces, no solo ser una experiencia significativa para los animadores de Grupos, sino tambi\u00e9n la forma de agradecerles todo el esfuerzo realizado durante el a\u00f1o. As\u00ed que, como se ha repetido siempre: \u00a1Gracias! La gratitud que el Equipo de Animaci\u00f3n del Sector y los Equipos de Pastoral de La Salle Madrid han querido llevar hasta el final del mundo, que ahora vuelva a cada uno de los colegios y persevere en la acogida y servicio que viernes tras viernes realizan con tantos ni\u00f1os y ni\u00f1as.&nbsp;Para visualizar m\u00e1s im\u00e1genes, v\u00eddeos y otras reflexiones b\u00fascanos en twitter: @gruposlasalle<\/p>\n","protected":false},"excerpt":{"rendered":"<p>A lo largo de dos intensas semanas, unos 50 animadores de Grupos Cristianos \u2013 SalleJoven Sector Madrid han vivido la experiencia de peregrinar hasta Finisterre. Cuidando las medidas de seguridad y protecci\u00f3n en este tiempo de pandemia, los j\u00f3venes permanecieron siempre en un mismo albergue desde el que se trasladaban&#8230;<\/p>\n<p> <a class=\"continue-reading-link\" href=\"https:\/\/www.sallejoven.es\/?p=10895\"><span>Leer m\u00e1s<\/span><i class=\"crycon-right-dir\"><\/i><\/a> <\/p>\n","protected":false},"author":23,"featured_media":0,"comment_status":"open","ping_status":"open","sticky":false,"template":"","format":"standard","meta":{"footnotes":""},"categories":[8,259,179],"tags":[],"class_list":["post-10895","post","type-post","status-publish","format-standard","hentry","category-noticias-madrid","category-salle-joven","category-sallejoven"],"_links":{"self":[{"href":"https:\/\/www.sallejoven.es\/index.php?rest_route=\/wp\/v2\/posts\/10895","targetHints":{"allow":["GET"]}}],"collection":[{"href":"https:\/\/www.sallejoven.es\/index.php?rest_route=\/wp\/v2\/posts"}],"about":[{"href":"https:\/\/www.sallejoven.es\/index.php?rest_route=\/wp\/v2\/types\/post"}],"author":[{"embeddable":true,"href":"https:\/\/www.sallejoven.es\/index.php?rest_route=\/wp\/v2\/users\/23"}],"replies":[{"embeddable":true,"href":"https:\/\/www.sallejoven.es\/index.php?rest_route=%2Fwp%2Fv2%2Fcomments&post=10895"}],"version-history":[{"count":3,"href":"https:\/\/www.sallejoven.es\/index.php?rest_route=\/wp\/v2\/posts\/10895\/revisions"}],"predecessor-version":[{"id":10901,"href":"https:\/\/www.sallejoven.es\/index.php?rest_route=\/wp\/v2\/posts\/10895\/revisions\/10901"}],"wp:attachment":[{"href":"https:\/\/www.sallejoven.es\/index.php?rest_route=%2Fwp%2Fv2%2Fmedia&parent=10895"}],"wp:term":[{"taxonomy":"category","embeddable":true,"href":"https:\/\/www.sallejoven.es\/index.php?rest_route=%2Fwp%2Fv2%2Fcategories&post=10895"},{"taxonomy":"post_tag","embeddable":true,"href":"https:\/\/www.sallejoven.es\/index.php?rest_route=%2Fwp%2Fv2%2Ftags&post=10895"}],"curies":[{"name":"wp","href":"https:\/\/api.w.org\/{rel}","templated":true}]}}