{"id":10810,"date":"2021-03-15T09:00:00","date_gmt":"2021-03-15T09:00:00","guid":{"rendered":"https:\/\/www.sallejoven.es\/?p=10810"},"modified":"2021-03-15T10:17:41","modified_gmt":"2021-03-15T10:17:41","slug":"encuentrouniversitario21-salle-joven-sector-va","status":"publish","type":"post","link":"https:\/\/www.sallejoven.es\/?p=10810","title":{"rendered":"#EncuentroUniversitario21 @sallejovenva"},"content":{"rendered":"\n<figure class=\"wp-block-image size-large is-resized\"><img loading=\"lazy\" decoding=\"async\" src=\"https:\/\/www.sallejoven.es\/wp-content\/uploads\/2021\/03\/2021-Encuentro-Universitario-ESP-765x1024.jpeg\" alt=\"\" class=\"wp-image-10812\" width=\"455\" height=\"609\" srcset=\"https:\/\/www.sallejoven.es\/wp-content\/uploads\/2021\/03\/2021-Encuentro-Universitario-ESP-765x1024.jpeg 765w, https:\/\/www.sallejoven.es\/wp-content\/uploads\/2021\/03\/2021-Encuentro-Universitario-ESP-374x500.jpeg 374w, https:\/\/www.sallejoven.es\/wp-content\/uploads\/2021\/03\/2021-Encuentro-Universitario-ESP-768x1027.jpeg 768w, https:\/\/www.sallejoven.es\/wp-content\/uploads\/2021\/03\/2021-Encuentro-Universitario-ESP-1148x1536.jpeg 1148w, https:\/\/www.sallejoven.es\/wp-content\/uploads\/2021\/03\/2021-Encuentro-Universitario-ESP-112x150.jpeg 112w, https:\/\/www.sallejoven.es\/wp-content\/uploads\/2021\/03\/2021-Encuentro-Universitario-ESP.jpeg 1196w\" sizes=\"auto, (max-width: 455px) 100vw, 455px\" \/><\/figure>\n\n\n\n<p>El pr\u00f3ximo s\u00e1bado, 20 de marzo, los <strong>grupos universitarios Salle Joven de Santiago<\/strong> <strong>de Compostela<\/strong> nos invitan al <a rel=\"noreferrer noopener\" href=\"https:\/\/twitter.com\/search?q=%23EncuentroUniversitario21\" target=\"_blank\">#EncuentroUniversitario21<\/a> Salle Joven Sector Valladolid \u00bfY t\u00fa qu\u00e9 eliges?\u00a0<\/p>\n\n\n\n<p>El encuentro ser\u00e1 a trav\u00e9s de vcf en&nbsp;<a rel=\"noreferrer noopener\" href=\"http:\/\/lasalleencasa.net\/\" target=\"_blank\">lasalleencasa.net<\/a>, haz clic en&nbsp;<a rel=\"noreferrer noopener\" href=\"http:\/\/bit.ly\/SalaPastoral\" target=\"_blank\"><strong>http:\/\/bit.ly\/SalaPastoral<\/strong><\/a><\/p>\n\n\n\n<p>De <strong>10:55 de la ma\u00f1ana a 13:30 (9:55 a 12:30 en Portugal)<\/strong> del pr\u00f3ximo <strong>s\u00e1bado, 20 de marzo<\/strong>, nos subiremos al autob\u00fas del encuentro para compartir una din\u00e1mica entre todos, investigaremos en un juego de pistas y cerraremos con un tiempo de oraci\u00f3n.&nbsp;<\/p>\n\n\n\n<p>Para participar solo necesitas conectarte con un dispositivo digital, tener a mano papel, material de dibujo y algo para brindar!<\/p>\n\n\n\n<figure class=\"wp-block-image size-large\"><img loading=\"lazy\" decoding=\"async\" width=\"453\" height=\"640\" src=\"https:\/\/www.sallejoven.es\/wp-content\/uploads\/2021\/03\/2021-EncontroUniversitario-POR-web.jpg\" alt=\"\" class=\"wp-image-10811\" srcset=\"https:\/\/www.sallejoven.es\/wp-content\/uploads\/2021\/03\/2021-EncontroUniversitario-POR-web.jpg 453w, https:\/\/www.sallejoven.es\/wp-content\/uploads\/2021\/03\/2021-EncontroUniversitario-POR-web-354x500.jpg 354w, https:\/\/www.sallejoven.es\/wp-content\/uploads\/2021\/03\/2021-EncontroUniversitario-POR-web-106x150.jpg 106w\" sizes=\"auto, (max-width: 453px) 100vw, 453px\" \/><\/figure>\n\n\n\n<p><\/p>\n","protected":false},"excerpt":{"rendered":"<p>El pr\u00f3ximo s\u00e1bado, 20 de marzo, los grupos universitarios Salle Joven de Santiago de Compostela nos invitan al #EncuentroUniversitario21 Salle Joven Sector Valladolid \u00bfY t\u00fa qu\u00e9 eliges?\u00a0 El encuentro ser\u00e1 a trav\u00e9s de vcf en&nbsp;lasalleencasa.net, haz clic en&nbsp;http:\/\/bit.ly\/SalaPastoral De 10:55 de la ma\u00f1ana a 13:30 (9:55 a 12:30 en Portugal)&#8230;<\/p>\n<p> <a class=\"continue-reading-link\" href=\"https:\/\/www.sallejoven.es\/?p=10810\"><span>Leer m\u00e1s<\/span><i class=\"crycon-right-dir\"><\/i><\/a> <\/p>\n","protected":false},"author":21,"featured_media":10812,"comment_status":"open","ping_status":"open","sticky":false,"template":"","format":"standard","meta":{"footnotes":""},"categories":[306,207,215,262,311,265,10,229,307,259,179,219,266],"tags":[250],"class_list":["post-10810","post","type-post","status-publish","format-standard","has-post-thumbnail","hentry","category-asturias","category-centros","category-corrales","category-destacado","category-encuentros","category-galicia","category-noticias-valladolid","category-palencia","category-portugal","category-salle-joven","category-sallejoven","category-santander","category-santiago-de-compostela","tag-universitarios"],"_links":{"self":[{"href":"https:\/\/www.sallejoven.es\/index.php?rest_route=\/wp\/v2\/posts\/10810","targetHints":{"allow":["GET"]}}],"collection":[{"href":"https:\/\/www.sallejoven.es\/index.php?rest_route=\/wp\/v2\/posts"}],"about":[{"href":"https:\/\/www.sallejoven.es\/index.php?rest_route=\/wp\/v2\/types\/post"}],"author":[{"embeddable":true,"href":"https:\/\/www.sallejoven.es\/index.php?rest_route=\/wp\/v2\/users\/21"}],"replies":[{"embeddable":true,"href":"https:\/\/www.sallejoven.es\/index.php?rest_route=%2Fwp%2Fv2%2Fcomments&post=10810"}],"version-history":[{"count":5,"href":"https:\/\/www.sallejoven.es\/index.php?rest_route=\/wp\/v2\/posts\/10810\/revisions"}],"predecessor-version":[{"id":10818,"href":"https:\/\/www.sallejoven.es\/index.php?rest_route=\/wp\/v2\/posts\/10810\/revisions\/10818"}],"wp:featuredmedia":[{"embeddable":true,"href":"https:\/\/www.sallejoven.es\/index.php?rest_route=\/wp\/v2\/media\/10812"}],"wp:attachment":[{"href":"https:\/\/www.sallejoven.es\/index.php?rest_route=%2Fwp%2Fv2%2Fmedia&parent=10810"}],"wp:term":[{"taxonomy":"category","embeddable":true,"href":"https:\/\/www.sallejoven.es\/index.php?rest_route=%2Fwp%2Fv2%2Fcategories&post=10810"},{"taxonomy":"post_tag","embeddable":true,"href":"https:\/\/www.sallejoven.es\/index.php?rest_route=%2Fwp%2Fv2%2Ftags&post=10810"}],"curies":[{"name":"wp","href":"https:\/\/api.w.org\/{rel}","templated":true}]}}