{"id":10727,"date":"2021-03-25T08:00:00","date_gmt":"2021-03-25T08:00:00","guid":{"rendered":"https:\/\/www.sallejoven.es\/?p=10727"},"modified":"2021-03-31T08:05:35","modified_gmt":"2021-03-31T08:05:35","slug":"p","status":"publish","type":"post","link":"https:\/\/www.sallejoven.es\/?p=10727","title":{"rendered":"Pascua del Desaf\u00edo de Jes\u00fas 2021"},"content":{"rendered":"\n<figure class=\"wp-block-image size-large is-resized\"><a href=\"https:\/\/www.sallejoven.es\/?page_id=10745\"><img loading=\"lazy\" decoding=\"async\" src=\"https:\/\/www.sallejoven.es\/wp-content\/uploads\/2021\/02\/2021-Pascua-del-desafio-de-Jesus-Web_Pagina_1.jpg\" alt=\"\" class=\"wp-image-10751\" width=\"465\" height=\"152\" srcset=\"https:\/\/www.sallejoven.es\/wp-content\/uploads\/2021\/02\/2021-Pascua-del-desafio-de-Jesus-Web_Pagina_1.jpg 640w, https:\/\/www.sallejoven.es\/wp-content\/uploads\/2021\/02\/2021-Pascua-del-desafio-de-Jesus-Web_Pagina_1-550x180.jpg 550w, https:\/\/www.sallejoven.es\/wp-content\/uploads\/2021\/02\/2021-Pascua-del-desafio-de-Jesus-Web_Pagina_1-150x49.jpg 150w\" sizes=\"auto, (max-width: 465px) 100vw, 465px\" \/><\/a><figcaption><a rel=\"noreferrer noopener\" href=\"https:\/\/www.sallejoven.es\/?page_id=10745\" target=\"_blank\">Accede a los materiales y celebraciones de la  #PascuaDelDesaf\u00edoDeJes\u00fas2021<\/a><\/figcaption><\/figure>\n\n\n\n<p><strong>Elegidos y enviados para la vida. <\/strong>Hch 15, 22 <a href=\"https:\/\/twitter.com\/search?q=%23PascuaDelDesaf%C3%ADoDeJes%C3%BAs21\" data-type=\"URL\" data-id=\"https:\/\/twitter.com\/search?q=%23PascuaDelDesaf%C3%ADoDeJes%C3%BAs21\" target=\"_blank\" rel=\"noreferrer noopener\">#PascuaDelDesaf\u00edoDeJes\u00fas21<\/a><\/p>\n\n\n\n<figure class=\"wp-block-image size-large is-resized\"><img loading=\"lazy\" decoding=\"async\" src=\"https:\/\/www.sallejoven.es\/wp-content\/uploads\/2021\/02\/2021-Pascua-del-desafio-de-Jesus-web.png\" alt=\"\" class=\"wp-image-10730\" width=\"468\" height=\"661\" srcset=\"https:\/\/www.sallejoven.es\/wp-content\/uploads\/2021\/02\/2021-Pascua-del-desafio-de-Jesus-web.png 566w, https:\/\/www.sallejoven.es\/wp-content\/uploads\/2021\/02\/2021-Pascua-del-desafio-de-Jesus-web-354x500.png 354w, https:\/\/www.sallejoven.es\/wp-content\/uploads\/2021\/02\/2021-Pascua-del-desafio-de-Jesus-web-106x150.png 106w\" sizes=\"auto, (max-width: 468px) 100vw, 468px\" \/><\/figure>\n\n\n\n<p>Reserva un tiempo vivir y celebrar con otros grupos La Salle los d\u00edas especiales de Pascua, del <strong>1 al 4 de abril<\/strong>. Contar\u00e1s con <strong>celebraciones<\/strong> a trav\u00e9s del <a rel=\"noreferrer noopener\" href=\"https:\/\/www.youtube.com\/channel\/UCMEXLn2IxLgP0xu_jFECbEQ\" target=\"_blank\">Canal Youtube Salle Joven Sector Valladolid<\/a>, <strong>motivaciones<\/strong> y <strong>catequesis<\/strong> para cada d\u00eda, recursos para tu <strong>oraci\u00f3n personal y de grupo<\/strong>, un <strong>cuaderno<\/strong> con el horario que podr\u00e1s descargar e imprimir y podr\u00e1s participar en un tiempo de <strong>testimonio<\/strong>.<\/p>\n\n\n\n<p>El S\u00e1bado Santo te proponemos que hagas el <strong>camino de Ema\u00fas<\/strong> conect\u00e1ndote con alguien de edad similar a ti. Si quieres participar, no olvides marcarlo en la inscripci\u00f3n. <\/p>\n\n\n\n<p>Hasta entonces, te invitamos a seguir prepar\u00e1ndote por fuera y por dentro con la oraci\u00f3n, p\u00e1rate a meditar y contemplar, elige vivir con otros y con Dios este tiempo.<br>Comparte tu recorrido en redes sociales <a rel=\"noreferrer noopener\" href=\"#PascuaDelDesaf\u00edoDeJes\u00fas21\" target=\"_blank\"> <\/a><a rel=\"noreferrer noopener\" href=\"https:\/\/twitter.com\/search?q=%23PascuaDelDesaf%C3%ADoDeJes%C3%BAs21\" target=\"_blank\">#PascuaDelDesaf\u00edoDeJes\u00fas21<\/a><\/p>\n\n\n\n<p>Folleto Pascua del Desaf\u00edo de Jes\u00fas: <a href=\"http:\/\/bit.ly\/FolletoPascua21\" target=\"_blank\" rel=\"noreferrer noopener\">http:\/\/bit.ly\/FolletoPascua21<\/a><\/p>\n\n\n\n<div class=\"wp-block-columns is-layout-flex wp-container-core-columns-is-layout-9d6595d7 wp-block-columns-is-layout-flex\">\n<div class=\"wp-block-column is-layout-flow wp-block-column-is-layout-flow\" style=\"flex-basis:50%\">\n<p>Prepara tu cuaresma y tu Pascua con este cuaderno con comentarios del H. Carlos Cantalapiedra.<br>Desc\u00e1rgalo en <a rel=\"noreferrer noopener\" href=\"http:\/\/bit.ly\/CuadernoCuaresma21\" target=\"_blank\">bit.ly\/CuadernoCuaresma21<\/a><\/p>\n<\/div>\n\n\n\n<div class=\"wp-block-column is-layout-flow wp-block-column-is-layout-flow\" style=\"flex-basis:50%\">\n<div class=\"wp-block-media-text alignwide has-media-on-the-right is-stacked-on-mobile\" style=\"grid-template-columns:auto 57%\"><figure class=\"wp-block-media-text__media\"><a href=\"bit.ly\/CuadernoCuaresma21\"><img loading=\"lazy\" decoding=\"async\" width=\"618\" height=\"872\" src=\"https:\/\/www.sallejoven.es\/wp-content\/uploads\/2021\/02\/2021-Cuaderno-En-Cuaresma-Tu-eliges-hacia-la-Pascua-del-Desafio-de-Jesus.jpg\" alt=\"\" class=\"wp-image-10731 size-full\" srcset=\"https:\/\/www.sallejoven.es\/wp-content\/uploads\/2021\/02\/2021-Cuaderno-En-Cuaresma-Tu-eliges-hacia-la-Pascua-del-Desafio-de-Jesus.jpg 618w, https:\/\/www.sallejoven.es\/wp-content\/uploads\/2021\/02\/2021-Cuaderno-En-Cuaresma-Tu-eliges-hacia-la-Pascua-del-Desafio-de-Jesus-354x500.jpg 354w, https:\/\/www.sallejoven.es\/wp-content\/uploads\/2021\/02\/2021-Cuaderno-En-Cuaresma-Tu-eliges-hacia-la-Pascua-del-Desafio-de-Jesus-106x150.jpg 106w\" sizes=\"auto, (max-width: 618px) 100vw, 618px\" \/><\/a><\/figure><div class=\"wp-block-media-text__content\">\n<div class=\"wp-block-group\"><div class=\"wp-block-group__inner-container is-layout-flow wp-block-group-is-layout-flow\">\n<div class=\"wp-block-group\"><div class=\"wp-block-group__inner-container is-layout-flow wp-block-group-is-layout-flow\">\n<div class=\"wp-block-columns is-layout-flex wp-container-core-columns-is-layout-9d6595d7 wp-block-columns-is-layout-flex\">\n<div class=\"wp-block-column is-layout-flow wp-block-column-is-layout-flow\" style=\"flex-basis:100%\">\n<pre class=\"wp-block-preformatted\"><\/pre>\n<\/div>\n<\/div>\n<\/div><\/div>\n<\/div><\/div>\n<\/div><\/div>\n<\/div>\n<\/div>\n\n\n\n<p>Reg\u00edstrate <strong>hasta el 29 de marzo<\/strong> para recibir informaci\u00f3n  personalizada y para participar de la din\u00e1mica de Ema\u00fas del S\u00e1bado Santo por la ma\u00f1ana.<\/p>\n\n\n\n<p><a href=\"https:\/\/bit.ly\/Inscripci\u00f3nPascua2021\">https:\/\/bit.ly\/Inscripci\u00f3nPascua2021<\/a><\/p>\n\n\n\n<p>Toda la info y enlaces estar\u00e1n disponibles en la web sallejoven.es  <a href=\"https:\/\/bit.ly\/PascuaDelDesaf\u00edoDeJes\u00fas2021\">https:\/\/bit.ly\/PascuaDelDesaf\u00edoDeJes\u00fas2021<\/a>.<\/p>\n\n\n\n<p>Alguna de las celebraciones y recursos pueden sufrir modificaciones en el horario.<\/p>\n\n\n\n<figure class=\"wp-block-image size-large\"><img loading=\"lazy\" decoding=\"async\" width=\"724\" height=\"1024\" src=\"https:\/\/www.sallejoven.es\/wp-content\/uploads\/2021\/02\/CUADERNO-PERSONAL-Pascua-2021_Pagina_02-724x1024.jpg\" alt=\"\" class=\"wp-image-10804\" srcset=\"https:\/\/www.sallejoven.es\/wp-content\/uploads\/2021\/02\/CUADERNO-PERSONAL-Pascua-2021_Pagina_02-724x1024.jpg 724w, https:\/\/www.sallejoven.es\/wp-content\/uploads\/2021\/02\/CUADERNO-PERSONAL-Pascua-2021_Pagina_02-353x500.jpg 353w, https:\/\/www.sallejoven.es\/wp-content\/uploads\/2021\/02\/CUADERNO-PERSONAL-Pascua-2021_Pagina_02-768x1087.jpg 768w, https:\/\/www.sallejoven.es\/wp-content\/uploads\/2021\/02\/CUADERNO-PERSONAL-Pascua-2021_Pagina_02-1086x1536.jpg 1086w, https:\/\/www.sallejoven.es\/wp-content\/uploads\/2021\/02\/CUADERNO-PERSONAL-Pascua-2021_Pagina_02-1447x2048.jpg 1447w, https:\/\/www.sallejoven.es\/wp-content\/uploads\/2021\/02\/CUADERNO-PERSONAL-Pascua-2021_Pagina_02-106x150.jpg 106w, https:\/\/www.sallejoven.es\/wp-content\/uploads\/2021\/02\/CUADERNO-PERSONAL-Pascua-2021_Pagina_02.jpg 1653w\" sizes=\"auto, (max-width: 724px) 100vw, 724px\" \/><\/figure>\n\n\n\n<p><\/p>\n","protected":false},"excerpt":{"rendered":"<p>Elegidos y enviados para la vida. Hch 15, 22 #PascuaDelDesaf\u00edoDeJes\u00fas21 Reserva un tiempo vivir y celebrar con otros grupos La Salle los d\u00edas especiales de Pascua, del 1 al 4 de abril. Contar\u00e1s con celebraciones a trav\u00e9s del Canal Youtube Salle Joven Sector Valladolid, motivaciones y catequesis para cada d\u00eda,&#8230;<\/p>\n<p> <a class=\"continue-reading-link\" href=\"https:\/\/www.sallejoven.es\/?p=10727\"><span>Leer m\u00e1s<\/span><i class=\"crycon-right-dir\"><\/i><\/a> <\/p>\n","protected":false},"author":21,"featured_media":0,"comment_status":"open","ping_status":"open","sticky":false,"template":"","format":"standard","meta":{"footnotes":""},"categories":[310,306,207,215,262,311,265,10,229,334,246,307,179,219,266],"tags":[337,274],"class_list":["post-10727","post","type-post","status-publish","format-standard","hentry","category-arlep","category-asturias","category-centros","category-corrales","category-destacado","category-encuentros","category-galicia","category-noticias-valladolid","category-palencia","category-pascua","category-portada","category-portugal","category-sallejoven","category-santander","category-santiago-de-compostela","tag-pascua-en-casa","tag-pascuas"],"_links":{"self":[{"href":"https:\/\/www.sallejoven.es\/index.php?rest_route=\/wp\/v2\/posts\/10727","targetHints":{"allow":["GET"]}}],"collection":[{"href":"https:\/\/www.sallejoven.es\/index.php?rest_route=\/wp\/v2\/posts"}],"about":[{"href":"https:\/\/www.sallejoven.es\/index.php?rest_route=\/wp\/v2\/types\/post"}],"author":[{"embeddable":true,"href":"https:\/\/www.sallejoven.es\/index.php?rest_route=\/wp\/v2\/users\/21"}],"replies":[{"embeddable":true,"href":"https:\/\/www.sallejoven.es\/index.php?rest_route=%2Fwp%2Fv2%2Fcomments&post=10727"}],"version-history":[{"count":22,"href":"https:\/\/www.sallejoven.es\/index.php?rest_route=\/wp\/v2\/posts\/10727\/revisions"}],"predecessor-version":[{"id":10849,"href":"https:\/\/www.sallejoven.es\/index.php?rest_route=\/wp\/v2\/posts\/10727\/revisions\/10849"}],"wp:attachment":[{"href":"https:\/\/www.sallejoven.es\/index.php?rest_route=%2Fwp%2Fv2%2Fmedia&parent=10727"}],"wp:term":[{"taxonomy":"category","embeddable":true,"href":"https:\/\/www.sallejoven.es\/index.php?rest_route=%2Fwp%2Fv2%2Fcategories&post=10727"},{"taxonomy":"post_tag","embeddable":true,"href":"https:\/\/www.sallejoven.es\/index.php?rest_route=%2Fwp%2Fv2%2Ftags&post=10727"}],"curies":[{"name":"wp","href":"https:\/\/api.w.org\/{rel}","templated":true}]}}