{"id":1038,"date":"2017-01-15T13:18:16","date_gmt":"2017-01-15T12:18:16","guid":{"rendered":"http:\/\/sallejoven.sallep.net\/?p=1038"},"modified":"2017-01-15T13:18:16","modified_gmt":"2017-01-15T12:18:16","slug":"post-uni-17","status":"publish","type":"post","link":"https:\/\/www.sallejoven.es\/?p=1038","title":{"rendered":"Encuentro Post-Universitario 2017"},"content":{"rendered":"<p>El fin de semana del 17 al 19 de Febrero tuvo lugar, por primera vez, el Encuentro Post-Universitario (J\u00f3venes-Adultos) paralelo al <a href=\"http:\/\/sallejoven.sallep.net\/gijon-17\/\">Encuentro Universitario<\/a>, que viene celebr\u00e1ndose ya desde hace unos cuantos a\u00f1os y en el que se suelen abordar temas sociales, as\u00ed como dar pie a la reflexi\u00f3n personal y contrastar la vida de los diferentes grupos. Dentro de esta novedad, tambi\u00e9n, por primera vez, se invit\u00f3 a gente del Sector de Madrid.<\/p>\n<p><img loading=\"lazy\" decoding=\"async\" class=\" wp-image-1237 alignleft\" src=\"http:\/\/sallejoven.es\/wp-content\/uploads\/2017\/02\/P1500895.jpg\" alt=\"\" width=\"290\" height=\"217\" \/>Aunque si bien hab\u00eda momentos compartidos entre ambos encuentros, como las oraciones, el hilo conductor de este era generar un espacio de encuentro para aquellas personas del sector con inquietudes en esta etapa de transici\u00f3n entre la vida universitaria a la vida adulta.<\/p>\n<p>Durante la ma\u00f1ana del s\u00e1bado tuvo un importante peso el tiempo de presentaci\u00f3n y conocimiento de la realidad personal, laboral, camino en el grupo&#8230;para dar pie a un segundo momento, de introspectiva interior. Fue un tiempo de personal a partir de un documento titulado \u00ab\u00bfHacia d\u00f3nde caminan nuestras opciones vitales?\u00bb en aras de revisarse desde cuatro aspectos -clave- en esta etapa: laboral, grupos de referencia, clave creyente y entornos afectivos-relacionales, y cuyas decisiones al final, van marcando el estilo personal de cada uno y que como se coment\u00f3, a veces parece que da miedo abordarlos. Sin embargo, cuando se ponen en com\u00fan vemos que son similares.<img loading=\"lazy\" decoding=\"async\" class=\" wp-image-1153 alignright\" src=\"http:\/\/sallejoven.es\/wp-content\/uploads\/2017\/02\/P2180976.jpg\" alt=\"\" width=\"267\" height=\"200\" \/><\/p>\n<p>La tarde del s\u00e1bado estuvo dividida en dos momentos: por un lado, compartir en grupos peque\u00f1os aquello sugerido a partir de la ma\u00f1ana. Y, en segundo lugar, la visita a una comunidad <a href=\"http:\/\/fundacionadsisasturias.org\/\">Adsis de Gij\u00f3n<\/a>, como propuesta a la apertura de otras realidades.<\/p>\n<p>Por su parte, la ma\u00f1ana del domingo estuvo dedicada a una puesta en com\u00fan para intentar definir esta etapa y ver posibles necesidades para futuros encuentros.<\/p>\n<p>Por \u00faltimo lugar, informar que la cena que sobr\u00f3 el s\u00e1bado fue entregada esa misma noche a un comedor social de Gij\u00f3n, y que el dinero sobrante de las inscripciones al encuentro ha sido donado a PROYDE.<\/p>\n<p>As\u00ed nos despedimos&#8230; \u00a1Hasta otra!<\/p>\n\n<p><strong><a href=\"https:\/\/www.facebook.com\/media\/set\/?set=a.577884749085302.1073741902.507367816136996&amp;type=1&amp;l=6cab148277\">&gt; Galer\u00eda fotogr\u00e1fica<\/a><\/strong><\/p>\n<p>&nbsp;<\/p>\n<p><strong>Convocatoria:<\/strong><\/p>\n<p>Por primera vez hemos querido convocar desde la pastoral lasaliana un <strong>encuentro para post-universitarios<\/strong>, para j\u00f3venes adultos que se encuentran en un momento de encrucijada en la vida y sienten necesidad de compartir con otros las luces y sombras que van encontrando en el camino.<\/p>\n<p>El encuentro tendr\u00e1 lugar en el Colegio La Salle \u2013 San Eutiquio de Gij\u00f3n, los d\u00edas <strong>17, 18 y 19 de febrero<\/strong>. Aprovecharemos para compartir con el <strong><a href=\"http:\/\/sallejoven.sallep.net\/gijon-17\/\">encuentro universitario<\/a><\/strong> la log\u00edstica y alg\u00fan momento significativo<\/p>\n<p><strong>\u00bfA quienes va dirigido?<\/strong><br \/>\nEs un Encuentro enfocado a j\u00f3venes-adultos, personas que est\u00e1n finalizando sus estudios o que ya est\u00e9n entrando en el mundo laboral. J\u00f3venes que est\u00e9n vinculados a Salle Joven y que quieran compartir en profundidad con otros lasalianos.<\/p>\n<p>El encuentro girar\u00e1 en torno a dos temas:<br \/>\n&#8211; Compartir personalmente c\u00f3mo se est\u00e1 situando cada uno en la vida laboral y afectivamente: luces y sombras<br \/>\n&#8211; Debatir sobre la conveniencia de crear una nueva etapa en la pastoral lasaliana: post-universitarios o j\u00f3venes-adultos. Caracter\u00edsticas, necesidades, itinerarios, conexiones&#8230;<\/p>\n<p><strong><a href=\"http:\/\/sallejoven.es\/wp-content\/uploads\/2017\/01\/Horario-Post-Universitario.pdf\">&gt; Horario del Encuentro<\/a><\/strong><\/p>\n<p>&nbsp;     <\/p>\n","protected":false},"excerpt":{"rendered":"<p>El fin de semana del 17 al 19 de Febrero tuvo lugar, por primera vez, el Encuentro Post-Universitario (J\u00f3venes-Adultos) paralelo al Encuentro Universitario, que viene celebr\u00e1ndose ya desde hace unos cuantos a\u00f1os y en el que se suelen abordar temas sociales, as\u00ed como dar pie a la reflexi\u00f3n personal y&#8230;<\/p>\n<p> <a class=\"continue-reading-link\" href=\"https:\/\/www.sallejoven.es\/?p=1038\"><span>Leer m\u00e1s<\/span><i class=\"crycon-right-dir\"><\/i><\/a> <\/p>\n","protected":false},"author":0,"featured_media":1259,"comment_status":"open","ping_status":"open","sticky":false,"template":"","format":"standard","meta":{"footnotes":""},"categories":[246,259],"tags":[],"class_list":["post-1038","post","type-post","status-publish","format-standard","has-post-thumbnail","hentry","category-portada","category-salle-joven"],"_links":{"self":[{"href":"https:\/\/www.sallejoven.es\/index.php?rest_route=\/wp\/v2\/posts\/1038","targetHints":{"allow":["GET"]}}],"collection":[{"href":"https:\/\/www.sallejoven.es\/index.php?rest_route=\/wp\/v2\/posts"}],"about":[{"href":"https:\/\/www.sallejoven.es\/index.php?rest_route=\/wp\/v2\/types\/post"}],"replies":[{"embeddable":true,"href":"https:\/\/www.sallejoven.es\/index.php?rest_route=%2Fwp%2Fv2%2Fcomments&post=1038"}],"version-history":[{"count":0,"href":"https:\/\/www.sallejoven.es\/index.php?rest_route=\/wp\/v2\/posts\/1038\/revisions"}],"wp:featuredmedia":[{"embeddable":true,"href":"https:\/\/www.sallejoven.es\/index.php?rest_route=\/"}],"wp:attachment":[{"href":"https:\/\/www.sallejoven.es\/index.php?rest_route=%2Fwp%2Fv2%2Fmedia&parent=1038"}],"wp:term":[{"taxonomy":"category","embeddable":true,"href":"https:\/\/www.sallejoven.es\/index.php?rest_route=%2Fwp%2Fv2%2Fcategories&post=1038"},{"taxonomy":"post_tag","embeddable":true,"href":"https:\/\/www.sallejoven.es\/index.php?rest_route=%2Fwp%2Fv2%2Ftags&post=1038"}],"curies":[{"name":"wp","href":"https:\/\/api.w.org\/{rel}","templated":true}]}}