{"id":10346,"date":"2020-11-04T08:45:52","date_gmt":"2020-11-04T08:45:52","guid":{"rendered":"https:\/\/www.sallejoven.es\/?p=10346"},"modified":"2020-11-04T08:45:52","modified_gmt":"2020-11-04T08:45:52","slug":"jornadas-internacionales-lasalianas-por-la-paz-un-mes-para-reflexionar-y-actuar-del-21-de-septiembre-al-21-de-octubre-de-2020","status":"publish","type":"post","link":"https:\/\/www.sallejoven.es\/?p=10346","title":{"rendered":"Jornadas Internacionales Lasalianas por la Paz: Un mes para reflexionar y actuar (del 21 de septiembre al 21 de octubre de 2020)"},"content":{"rendered":"\n<figure class=\"wp-block-image size-large\"><img loading=\"lazy\" decoding=\"async\" width=\"1024\" height=\"576\" src=\"https:\/\/www.sallejoven.es\/wp-content\/uploads\/2020\/11\/Jornadas-Paz-1024x576.jpg\" alt=\"\" class=\"wp-image-10347\" srcset=\"https:\/\/www.sallejoven.es\/wp-content\/uploads\/2020\/11\/Jornadas-Paz-1024x576.jpg 1024w, https:\/\/www.sallejoven.es\/wp-content\/uploads\/2020\/11\/Jornadas-Paz-550x309.jpg 550w, https:\/\/www.sallejoven.es\/wp-content\/uploads\/2020\/11\/Jornadas-Paz-768x432.jpg 768w, https:\/\/www.sallejoven.es\/wp-content\/uploads\/2020\/11\/Jornadas-Paz-1536x864.jpg 1536w, https:\/\/www.sallejoven.es\/wp-content\/uploads\/2020\/11\/Jornadas-Paz-150x84.jpg 150w, https:\/\/www.sallejoven.es\/wp-content\/uploads\/2020\/11\/Jornadas-Paz.jpg 1920w\" sizes=\"auto, (max-width: 1024px) 100vw, 1024px\" \/><\/figure>\n\n\n\n<p>Mucho ha cambiado desde el comienzo de la pandemia del COVID-19. Los desaf\u00edos a los que se enfrentan las naciones han aumentado, ya que numerosas personas son desplazadas, muchas siguen padeciendo hambre, las econom\u00edas est\u00e1n en recesi\u00f3n, las fronteras permanecen cerradas y millones de personas contraen el virus.<\/p>\n\n\n\n<p><strong><em>Yo elijo la Paz<\/em><\/strong>&nbsp;ha sido nuestra invitaci\u00f3n a todos los Lasalianos con los que nos reunirnos virtualmente en ocasi\u00f3n de las Jornadas Internacionales Lasalianas por la Paz de este a\u00f1o. Incitamos a cada uno de ellos a seguir optando por hacer de nuestro mundo un lugar mejor y a elegir la paz incluso en las situaciones m\u00e1s sencillas. Mientras sigamos enfrent\u00e1ndonos a nuevos brotes de violencia, racismo, desigualdad y pobreza, dejemos que la paz sea el principio que rija nuestra respuesta a los signos de los tiempos.<\/p>\n\n\n\n<p>Durante el mes de las Jornadas Internacionales Lasalianas por la Paz, miles de Lasalianos y Lasalianas se reunieron para participar en diferentes encuentros y programas online. Los Distritos y varios grupos lasallistas organizaron actividades en las que pudieron participar j\u00f3venes de todas las Regiones del Instituto. Esto permiti\u00f3 potenciar el trabajo en red, as\u00ed como el di\u00e1logo y la colaboraci\u00f3n.<\/p>\n\n\n\n<p>Se dio inicio a la celebraci\u00f3n el pasado 21 de septiembre con un programa inaugural que fue transmitido en directo por los canales de Facebook y YouTube de La Salle Worldwide. El mensaje de apertura para la inauguraci\u00f3n de las Jornadas Internacionales Lasalianas por la Paz 2020 estuvo a cargo del Hno. Robert Schieler FSC, Superior General, quien exhort\u00f3 a los Lasallistas a emprender acciones en respuesta a las injusticias sociales a las que nos enfrentamos hoy. El encuentro online tambi\u00e9n proporcion\u00f3 un espacio para seguir dialogando acerca de la situaci\u00f3n en el L\u00edbano y de la campa\u00f1a La Salle for Beirut iniciada por el Secretariado de Solidaridad y Desarrollo. Sigui\u00f3 un servicio de oraci\u00f3n y reflexi\u00f3n organizado por el Consejo de J\u00f3venes Lasallistas de Europa y Mediterr\u00e1neo. El programa concluy\u00f3 con Lasalianos de diferentes Distritos y grupos promoviendo sus proyectos de las Jornadas Internacionales Lasalianos por la Paz para fomentar la participaci\u00f3n de la red lasaliana mundial.<\/p>\n\n\n\n<p>A continuaci\u00f3n, enumeramos algunos de los encuentros online que tuvieron lugar durante el mes de las Jornadas Internacionales Lasalianas por la Paz:<\/p>\n\n\n\n<ul class=\"wp-block-list\"><li>21 de septiembre \u2013 Servicio de oraci\u00f3n mundial organizado por el DENA<\/li><li>7 de octubre \u2013 Servicio de Oraci\u00f3n y Reflexi\u00f3n organizado por el Distrito ARLEP<\/li><li>12 de octubre \u2013 Foro Justicia y Paz organizado por el Distrito de Centroam\u00e9rica \u2013 Panam\u00e1<\/li><li>16 y 17 de octubre \u2013 Elijamos ser catalizadores de la paz: conferencia online organizada por el Consejo de Estudiantes de la Universidad De La Salle | Manila, Filipinas<\/li><li>21 de octubre \u2013 Respeto por la Paz, organizado por RELAN<\/li><\/ul>\n\n\n\n<p>En un momento en que la mayor\u00eda de los proyectos y actividades se llevan a cabo online, fuimos testigos de un incremento en la generaci\u00f3n de contenidos y en el intercambio de recursos. Ejemplo de ello es el material de las Jornadas Internacionales Lasalianas por la Paz que el Distrito de Irlanda-Gran Breta\u00f1a-Malta ofreci\u00f3 a todos. Se prepararon muchos otros materiales, tales como videos, carteles e incluso canciones, todos compartiendo el mensaje \u00ab\u00a1Yo elijo la paz!\u00bb.<\/p>\n\n\n\n<p>Las Jornadas Internacionales Lasalianas por la Paz 2020 concluyeron el pasado 21 de octubre con un concierto online: Voces por la Paz \u2013 transmitido en directo, una vez m\u00e1s, por los canales de Facebook y YouTube de La Salle Worldwide. Este evento sirvi\u00f3 de plataforma para promover la acci\u00f3n en pro de la paz, esta vez a trav\u00e9s de la m\u00fasica. Diferentes talentos lasallistas de Hong Kong, Argentina, Filipinas, Francia, Singapur, Australia, L\u00edbano, Espa\u00f1a, Irlanda, Italia, Norandino, Bolivia-Per\u00fa, M\u00e9xico, Brasil, RELAF y AIUL participaron en el evento online de 3 horas de duraci\u00f3n. El programa tambi\u00e9n incluy\u00f3 conversaciones con el Superior General y su Consejo y con el Consejo Internacional de J\u00f3venes Lasalianos (CIJL).<\/p>\n\n\n\n<p>Seg\u00fan reiterados comentarios de los mismos Lasalianos durante las transmisiones en directo, estas celebraciones, los encuentros online y todos los dem\u00e1s proyectos de las Jornadas Internacionales Lasalianas por la Paz fueron realmente una fuente de inspiraci\u00f3n y de motivaci\u00f3n. Se trat\u00f3 de un momento de solidaridad dentro y fuera de la comunidad internacional lasallista para clamar por la paz y, al mismo tiempo, fortalecer nuestro compromiso con la misi\u00f3n educativa lasallista, juntos y por asociaci\u00f3n. Vayamos m\u00e1s all\u00e1 de los d\u00edas fijados en el calendario para las Jornadas Internacionales Lasalianas por la Paz y sigamos adelante con el di\u00e1logo en pro de la paz y actuemos en favor de una sociedad justa, humana y pac\u00edfica.<\/p>\n","protected":false},"excerpt":{"rendered":"<p>Mucho ha cambiado desde el comienzo de la pandemia del COVID-19. Los desaf\u00edos a los que se enfrentan las naciones han aumentado, ya que numerosas personas son desplazadas, muchas siguen padeciendo hambre, las econom\u00edas est\u00e1n en recesi\u00f3n, las fronteras permanecen cerradas y millones de personas contraen el virus. Yo elijo&#8230;<\/p>\n<p> <a class=\"continue-reading-link\" href=\"https:\/\/www.sallejoven.es\/?p=10346\"><span>Leer m\u00e1s<\/span><i class=\"crycon-right-dir\"><\/i><\/a> <\/p>\n","protected":false},"author":19,"featured_media":0,"comment_status":"open","ping_status":"open","sticky":false,"template":"","format":"standard","meta":{"footnotes":""},"categories":[310,4,1],"tags":[],"class_list":["post-10346","post","type-post","status-publish","format-standard","hentry","category-arlep","category-noticias-de-la-subcomision","category-uncategorized"],"_links":{"self":[{"href":"https:\/\/www.sallejoven.es\/index.php?rest_route=\/wp\/v2\/posts\/10346","targetHints":{"allow":["GET"]}}],"collection":[{"href":"https:\/\/www.sallejoven.es\/index.php?rest_route=\/wp\/v2\/posts"}],"about":[{"href":"https:\/\/www.sallejoven.es\/index.php?rest_route=\/wp\/v2\/types\/post"}],"author":[{"embeddable":true,"href":"https:\/\/www.sallejoven.es\/index.php?rest_route=\/wp\/v2\/users\/19"}],"replies":[{"embeddable":true,"href":"https:\/\/www.sallejoven.es\/index.php?rest_route=%2Fwp%2Fv2%2Fcomments&post=10346"}],"version-history":[{"count":2,"href":"https:\/\/www.sallejoven.es\/index.php?rest_route=\/wp\/v2\/posts\/10346\/revisions"}],"predecessor-version":[{"id":10349,"href":"https:\/\/www.sallejoven.es\/index.php?rest_route=\/wp\/v2\/posts\/10346\/revisions\/10349"}],"wp:attachment":[{"href":"https:\/\/www.sallejoven.es\/index.php?rest_route=%2Fwp%2Fv2%2Fmedia&parent=10346"}],"wp:term":[{"taxonomy":"category","embeddable":true,"href":"https:\/\/www.sallejoven.es\/index.php?rest_route=%2Fwp%2Fv2%2Fcategories&post=10346"},{"taxonomy":"post_tag","embeddable":true,"href":"https:\/\/www.sallejoven.es\/index.php?rest_route=%2Fwp%2Fv2%2Ftags&post=10346"}],"curies":[{"name":"wp","href":"https:\/\/api.w.org\/{rel}","templated":true}]}}