{"id":10051,"date":"2020-02-25T19:14:16","date_gmt":"2020-02-25T19:14:16","guid":{"rendered":"https:\/\/www.sallejoven.es\/?p=10051"},"modified":"2020-03-10T17:07:59","modified_gmt":"2020-03-10T17:07:59","slug":"pascuas-lasalianas-2020","status":"publish","type":"post","link":"https:\/\/www.sallejoven.es\/?p=10051","title":{"rendered":"Pascuas Lasalianas 2020"},"content":{"rendered":"\n<div class=\"wp-block-image\"><figure class=\"aligncenter size-large\"><img loading=\"lazy\" decoding=\"async\" width=\"276\" height=\"267\" src=\"https:\/\/www.sallejoven.es\/wp-content\/uploads\/2020\/03\/Actividad-suspendida-copia-1.png\" alt=\"\" class=\"wp-image-10113\" srcset=\"https:\/\/www.sallejoven.es\/wp-content\/uploads\/2020\/03\/Actividad-suspendida-copia-1.png 276w, https:\/\/www.sallejoven.es\/wp-content\/uploads\/2020\/03\/Actividad-suspendida-copia-1-150x145.png 150w\" sizes=\"auto, (max-width: 276px) 100vw, 276px\" \/><\/figure><\/div>\n\n\n\n<figure class=\"wp-block-image size-large\"><img loading=\"lazy\" decoding=\"async\" width=\"1024\" height=\"724\" src=\"https:\/\/www.sallejoven.es\/wp-content\/uploads\/2020\/02\/Cartel-Pascuas-2020_red-1024x724.png\" alt=\"\" class=\"wp-image-10055\" srcset=\"https:\/\/www.sallejoven.es\/wp-content\/uploads\/2020\/02\/Cartel-Pascuas-2020_red-1024x724.png 1024w, https:\/\/www.sallejoven.es\/wp-content\/uploads\/2020\/02\/Cartel-Pascuas-2020_red-550x389.png 550w, https:\/\/www.sallejoven.es\/wp-content\/uploads\/2020\/02\/Cartel-Pascuas-2020_red-768x543.png 768w, https:\/\/www.sallejoven.es\/wp-content\/uploads\/2020\/02\/Cartel-Pascuas-2020_red-150x106.png 150w, https:\/\/www.sallejoven.es\/wp-content\/uploads\/2020\/02\/Cartel-Pascuas-2020_red.png 1280w\" sizes=\"auto, (max-width: 1024px) 100vw, 1024px\" \/><\/figure>\n\n\n\n<p>Comenzamos la Cuaresma y ya se asoman nuestras <strong>Pascuas<\/strong> para celebrar la gran fiesta de nuestra fe y andar el camino de Jes\u00fas en sus \u00faltimos d\u00edas, resucitando juntos.<\/p>\n\n\n\n<p>Con nuestro lema del a\u00f1o \u00abImagina&#8230;\u00bb encontramos varias propuestas para todas las edades y diferentes estilos de Pascuas, cada una con sus caracter\u00edsticas concretas.<\/p>\n\n\n\n<p>Aqu\u00ed ten\u00e9is todas las propuestas:<\/p>\n\n\n\n<h4 class=\"wp-block-heading\">40\u00aa Pascua del Desaf\u00edo de Jes\u00fas<\/h4>\n\n\n\n<ul class=\"wp-block-list\"><li>\u00abImagina un cielo nuevo y una tierra nueva. (Ap 21, 1)\u00bb.<\/li><li>Para j\u00f3venes a partir de 1\u00ba de Bachillerato, adultos y familias.<\/li><li>300 plazas.<\/li><li>En el Monasterio de Santa Mar\u00eda de Bujedo (Burgos).<\/li><li>Desde el jueves 9 de abril (comida) hasta el domingo 12 por la ma\u00f1ana.<\/li><li>Responsable: <a href=\"mailto:pastoralva@sallep.net\">Pastoral Sector Valladolid<\/a>.<\/li><li>M\u00e1s informaci\u00f3n <a href=\"https:\/\/www.sallejoven.es\/?p=10028\">en este enlace<\/a>.<\/li><\/ul>\n\n\n\n<figure class=\"wp-block-image size-large is-style-default\"><img loading=\"lazy\" decoding=\"async\" width=\"1024\" height=\"445\" src=\"https:\/\/www.sallejoven.es\/wp-content\/uploads\/2020\/02\/Imagina-un-Cielo-Nuevo-Pascua-Bujedo-20.jpg\" alt=\"\" class=\"wp-image-10038\" srcset=\"https:\/\/www.sallejoven.es\/wp-content\/uploads\/2020\/02\/Imagina-un-Cielo-Nuevo-Pascua-Bujedo-20.jpg 1024w, https:\/\/www.sallejoven.es\/wp-content\/uploads\/2020\/02\/Imagina-un-Cielo-Nuevo-Pascua-Bujedo-20-550x239.jpg 550w, https:\/\/www.sallejoven.es\/wp-content\/uploads\/2020\/02\/Imagina-un-Cielo-Nuevo-Pascua-Bujedo-20-768x334.jpg 768w, https:\/\/www.sallejoven.es\/wp-content\/uploads\/2020\/02\/Imagina-un-Cielo-Nuevo-Pascua-Bujedo-20-150x65.jpg 150w\" sizes=\"auto, (max-width: 1024px) 100vw, 1024px\" \/><\/figure>\n\n\n\n<h4 class=\"wp-block-heading\">Pascua de J\u00f3venes adultos<\/h4>\n\n\n\n<ul class=\"wp-block-list\"><li>J\u00f3venes a partir de 3\u00ba de Universidad , adultos y en proceso que ya hayan vivido la Pascua de Bujedo.<\/li><li>En Arucas (Gran Canaria).<\/li><li>Desde el jueves 9 de abril (comida) hasta el domingo 12 por la ma\u00f1ana.<\/li><li>Responsable: <a href=\"mailto:pastoral@lasallemadrid.es\">Pastoral Sector Madrid<\/a>.<\/li><\/ul>\n\n\n\n<h4 class=\"wp-block-heading\">Pascua de J\u00f3venes y familias<\/h4>\n\n\n\n<ul class=\"wp-block-list\"><li>\u00abImagina seguirle\u00bb<\/li><li>J\u00f3venes a partir de 3\u00ba de ESO y Familias. <\/li><li>Pascua compartida con otras Instituciones<\/li><li>En Segorbe (Castell\u00f3n).<\/li><li>Desde el jueves 9 de abril (comida) hasta el domingo 12 por la ma\u00f1ana.<\/li><li>Responsable: <a href=\"mailto:pastoral@lasallevp.es\">Pastoral Sector Valencia-Palma<\/a>.<\/li><\/ul>\n\n\n\n<h4 class=\"wp-block-heading\">P\u00e1scoa Jovem<\/h4>\n\n\n\n<ul class=\"wp-block-list\"><li>\u00abImagina um novo c\u00e9u e uma nova terra (Ap 21, 1)\u00bb<\/li><li>Jovens a partir de 11\u00ba ano. <\/li><li>En Braga (Portugal).<\/li><li>Desde el jueves 9 de abril (comida) hasta el s\u00e1bado 11 por la noche.<\/li><li>Responsable: <a href=\"mailto:dpbarcelos@sallep.net\">Pastoral.PT<\/a>.<\/li><\/ul>\n\n\n\n<h4 class=\"wp-block-heading\">Pascua Rural<\/h4>\n\n\n\n<ul class=\"wp-block-list\"><li>Para j\u00f3venes mayores de 20 a\u00f1os. <\/li><li>Se trata de animar las celebraciones pascuales de tres pueblos de la Sierra de Baza.<\/li><li>En Campoc\u00e1mara (Granada).<\/li><li>8-10 plazas.<\/li><li>Desde el mi\u00e9rcoles 8 de abril (cena) hasta el domingo 12.<\/li><li>Responsable: <a href=\"mailto:pastoral@lasalleandalucia.net\">Pastoral Sector Andaluc\u00eda<\/a>.<\/li><\/ul>\n\n\n\n<h4 class=\"wp-block-heading\">Pasqua en Taiz\u00e9<\/h4>\n\n\n\n<ul class=\"wp-block-list\"><li>J\u00f3venes a partir de 1\u00ba de Bachillerato y Ciclos Formativos.<\/li><li>Con la Comunidad de Taiz\u00e9 (Francia).<\/li><li>Punto de encuentro en Figueres, seg\u00fan el n\u00famero con furgonetas o en autobus.<\/li><li>Desde el 7 de abril hasta el domingo 12.<\/li><li>Responsable: <a href=\"mailto:crevuelto@lasalle.cat\">Pastoral Sector Catalunya<\/a>.<\/li><\/ul>\n\n\n\n<figure class=\"wp-block-image size-large\"><img loading=\"lazy\" decoding=\"async\" width=\"1024\" height=\"576\" src=\"https:\/\/www.sallejoven.es\/wp-content\/uploads\/2020\/02\/PascuaSDR.jpg\" alt=\"\" class=\"wp-image-10061\" srcset=\"https:\/\/www.sallejoven.es\/wp-content\/uploads\/2020\/02\/PascuaSDR.jpg 1024w, https:\/\/www.sallejoven.es\/wp-content\/uploads\/2020\/02\/PascuaSDR-550x309.jpg 550w, https:\/\/www.sallejoven.es\/wp-content\/uploads\/2020\/02\/PascuaSDR-768x432.jpg 768w, https:\/\/www.sallejoven.es\/wp-content\/uploads\/2020\/02\/PascuaSDR-150x84.jpg 150w\" sizes=\"auto, (max-width: 1024px) 100vw, 1024px\" \/><\/figure>\n\n\n\n<h4 class=\"wp-block-heading\">Pascua Familiar de San Asensio<\/h4>\n\n\n\n<ul class=\"wp-block-list\"><li>Familias con hijos.<\/li><li>En el Monasterio de Santa Mar\u00eda de la Estrella de San Asensio (La Rioja).<\/li><li>Plazas muy limitadas<\/li><li>Desde el jueves 9 de abril (comida) hasta el domingo 12 por la ma\u00f1ana.<\/li><li>Responsable: <a href=\"mailto:pastoral-sectorbilbao@lasalle.es\">Pastoral Sector Bilbao<\/a>.<\/li><\/ul>\n\n\n\n<h4 class=\"wp-block-heading\">Pasqua en fam\u00edlia<\/h4>\n\n\n\n<ul class=\"wp-block-list\"><li>Familias con hijos.<\/li><li>En el Casal La Salle de Sant Mart\u00ed de Sesgueioles (Barcelona).<\/li><li>Desde el jueves 9 de abril (comida) hasta el domingo 12 por la ma\u00f1ana.<\/li><li>Responsable: <a href=\"mailto:crevuelto@lasalle.cat\">Pastoral Sector Catalunya<\/a>.<\/li><\/ul>\n\n\n\n<figure class=\"wp-block-image size-large\"><img loading=\"lazy\" decoding=\"async\" width=\"1024\" height=\"317\" src=\"https:\/\/www.sallejoven.es\/wp-content\/uploads\/2020\/01\/En-plural-1024x317.jpg\" alt=\"\" class=\"wp-image-2837\" srcset=\"https:\/\/www.sallejoven.es\/wp-content\/uploads\/2020\/01\/En-plural-1024x317.jpg 1024w, https:\/\/www.sallejoven.es\/wp-content\/uploads\/2020\/01\/En-plural-550x170.jpg 550w, https:\/\/www.sallejoven.es\/wp-content\/uploads\/2020\/01\/En-plural-768x238.jpg 768w, https:\/\/www.sallejoven.es\/wp-content\/uploads\/2020\/01\/En-plural-150x46.jpg 150w\" sizes=\"auto, (max-width: 1024px) 100vw, 1024px\" \/><\/figure>\n\n\n\n<h4 class=\"wp-block-heading\">Pre-Pascuas<\/h4>\n\n\n\n<p>Tambi\u00e9n para los m\u00e1s j\u00f3venes hay varias ofertas en Semana Santa:<\/p>\n\n\n\n<ul class=\"wp-block-list\"><li><strong>Encuentro de J\u00f3venes en San Asensio<\/strong>: de 3\u00ba de ESO a 1\u00ba Bach\/CCFF. Del 3 al 5 de abril. Organiza: <a href=\"mailto:pastoral-sectorbilbao@lasalle.es\">Pastoral Sector Bilbao<\/a>.<\/li><li><strong>Trobada de Nens i Joves en Sant Mart\u00ed:<\/strong> de 3\u00ba de Primaria a 2\u00ba de ESO pertenecientes a grupos de Joves La Salle. Del 4 al 6 de abril. Organiza: <a href=\"mailto:crevuelto@lasalle.cat\">Pastoral Sector Catalunya<\/a>.<\/li><li><strong>Pasqua en Ruta:<\/strong> de 3\u00ba a 4\u00ba de ESO pertenecientes a grupos de Joves La Salle. Del 4 al 7 de abril. Ruta del Carrilet de Girona. Organiza: <a href=\"mailto:crevuelto@lasalle.cat\">Pastoral Sector Catalunya<\/a>..<\/li><\/ul>\n\n\n\n<h4 class=\"wp-block-heading\">M\u00e1s informaci\u00f3n<\/h4>\n\n\n\n<ul class=\"wp-block-list\"><li>Escribe a la <a href=\"mailto:pastoral@lasalle.es\">Delegaci\u00f3n Distrital de Pastoral<\/a>.<\/li><li>Descarga el <a href=\"https:\/\/www.sallejoven.es\/wp-content\/uploads\/2020\/02\/Cartel-Pascuas-2020.png\">cartel en formato PNG<\/a>, en <a href=\"https:\/\/www.sallejoven.es\/wp-content\/uploads\/2020\/02\/Cartel-Pascuas-2020.pdf\">PDF de alta resoluci\u00f3n<\/a> y en <a href=\"https:\/\/www.sallejoven.es\/wp-content\/uploads\/2020\/02\/Cartel-Pascuas-2020_red.pdf\">PDF baja resoluci\u00f3n<\/a>.<\/li><\/ul>\n","protected":false},"excerpt":{"rendered":"<p>Comenzamos la Cuaresma y ya se asoman nuestras Pascuas para celebrar la gran fiesta de nuestra fe y andar el camino de Jes\u00fas en sus \u00faltimos d\u00edas, resucitando juntos. Con nuestro lema del a\u00f1o \u00abImagina&#8230;\u00bb encontramos varias propuestas para todas las edades y diferentes estilos de Pascuas, cada una con&#8230;<\/p>\n<p> <a class=\"continue-reading-link\" href=\"https:\/\/www.sallejoven.es\/?p=10051\"><span>Leer m\u00e1s<\/span><i class=\"crycon-right-dir\"><\/i><\/a> <\/p>\n","protected":false},"author":19,"featured_media":10055,"comment_status":"open","ping_status":"open","sticky":false,"template":"","format":"standard","meta":{"footnotes":""},"categories":[310,179],"tags":[],"class_list":["post-10051","post","type-post","status-publish","format-standard","has-post-thumbnail","hentry","category-arlep","category-sallejoven"],"_links":{"self":[{"href":"https:\/\/www.sallejoven.es\/index.php?rest_route=\/wp\/v2\/posts\/10051","targetHints":{"allow":["GET"]}}],"collection":[{"href":"https:\/\/www.sallejoven.es\/index.php?rest_route=\/wp\/v2\/posts"}],"about":[{"href":"https:\/\/www.sallejoven.es\/index.php?rest_route=\/wp\/v2\/types\/post"}],"author":[{"embeddable":true,"href":"https:\/\/www.sallejoven.es\/index.php?rest_route=\/wp\/v2\/users\/19"}],"replies":[{"embeddable":true,"href":"https:\/\/www.sallejoven.es\/index.php?rest_route=%2Fwp%2Fv2%2Fcomments&post=10051"}],"version-history":[{"count":17,"href":"https:\/\/www.sallejoven.es\/index.php?rest_route=\/wp\/v2\/posts\/10051\/revisions"}],"predecessor-version":[{"id":10116,"href":"https:\/\/www.sallejoven.es\/index.php?rest_route=\/wp\/v2\/posts\/10051\/revisions\/10116"}],"wp:featuredmedia":[{"embeddable":true,"href":"https:\/\/www.sallejoven.es\/index.php?rest_route=\/wp\/v2\/media\/10055"}],"wp:attachment":[{"href":"https:\/\/www.sallejoven.es\/index.php?rest_route=%2Fwp%2Fv2%2Fmedia&parent=10051"}],"wp:term":[{"taxonomy":"category","embeddable":true,"href":"https:\/\/www.sallejoven.es\/index.php?rest_route=%2Fwp%2Fv2%2Fcategories&post=10051"},{"taxonomy":"post_tag","embeddable":true,"href":"https:\/\/www.sallejoven.es\/index.php?rest_route=%2Fwp%2Fv2%2Ftags&post=10051"}],"curies":[{"name":"wp","href":"https:\/\/api.w.org\/{rel}","templated":true}]}}